{"id":5232,"date":"2024-05-31T12:00:41","date_gmt":"2024-05-31T10:00:41","guid":{"rendered":"https:\/\/rene-schmitt.com\/?p=5232"},"modified":"2025-06-06T22:23:45","modified_gmt":"2025-06-06T20:23:45","slug":"pressemitteilung-art-basel-2024","status":"publish","type":"post","link":"https:\/\/rene-schmitt.com\/de\/news\/pressemitteilung-art-basel-2024\/","title":{"rendered":"Pressemitteilung Art Basel 2024"},"content":{"rendered":"<p><i>Art Basel, Halle 2.0, Stand C1<\/i><br \/>\nDienstag, 11.06.2024, bis Sonntag, 16.06.2024<br \/>\n<a href=\"https:\/\/rene-schmitt.com\/de\/kuenstler\/ar-penck\/\"><strong>A.R. Penck \u2013 Einzelpr\u00e4sentation<\/strong><\/a><\/p>\n<p>Ren\u00e9 Schmitt ist es eine gro\u00dfe Ehre, eine Einzelpr\u00e4sentation des international hoch angesehenen deutschen K\u00fcnstlers <a href=\"https:\/\/rene-schmitt.com\/de\/kuenstler\/ar-penck\/\"><strong>A.R. Penck<\/strong><\/a> zu pr\u00e4sentieren.<br \/>\n&nbsp;<br \/>\n<img class=\"alignnone wp-image-5163 size-medium\" src=\"\/wp-content\/uploads\/A.R.-Penck-Standart.jpg\" alt=\"\" width=\"625\" srcset=\"https:\/\/rene-schmitt.com\/wp-content\/uploads\/A.R.-Penck-Standart.jpg 663w, https:\/\/rene-schmitt.com\/wp-content\/uploads\/A.R.-Penck-Standart-259x500.jpg 259w, https:\/\/rene-schmitt.com\/wp-content\/uploads\/A.R.-Penck-Standart-530x1024.jpg 530w, https:\/\/rene-schmitt.com\/wp-content\/uploads\/A.R.-Penck-Standart-642x1239.jpg 642w\" sizes=\"(max-width: 663px) 100vw, 663px\" \/><\/p>\n<h4 style=\"font-size:90%;margin-top:-25px;\"><i><strong>A.R. Penck \u2013 Standart (1990)<\/strong>, Siebdruck auf Hortus B\u00fcttenpapier, Edition: 50 + X<\/i><\/h4>\n<p>&nbsp;<br \/>\n<!--more--><br \/>\n<strong><u>A.R. Penck<\/u><\/strong><\/p>\n<p>Ren\u00e9 Schmitt ist es eine gro\u00dfe Ehre, eine Einzelpr\u00e4sentation des international hoch angesehenen deutschen K\u00fcnstlers <a href=\"https:\/\/rene-schmitt.com\/de\/kuenstler\/ar-penck\/\"><strong>A.R. Penck<\/strong><\/a> zu pr\u00e4sentieren.<\/p>\n<p>Die Art Basel 2024 markiert das 35-j\u00e4hrige Jubil\u00e4um in der Zusammenarbeit mit A.R. Penck. Die Einzelpr\u00e4sentation zeigt seltene gro\u00dfformatige Holzschnitte und Siebdrucke sowie Zeichnungen von 1970 bis in die sp\u00e4ten 1990er-Jahre und eine Reihe von nie ausgestellten Bronzen aus dem Jahr 1992.<\/p>\n<p>Ren\u00e9 Schmitt erkl\u00e4rt:<\/p>\n<p>Ich begann 1989 im Alter von 16 Jahren mit A.R. Penck (Ralf Winkler) zu arbeiten und wurde nach und nach ein enger Freund von ihm, bis zu seinem Tod im Jahr 2017.<\/p>\n<p>Ich erinnere mich noch an die Arbeit an den gro\u00dfformatigen Holzplatten auf dem Dach der Galerie und wie A.R. Penck eine Kettens\u00e4ge nahm, um die Holzplatten zu schneiden. Erstaunt \u00fcber diese Rohheit, diese Kreativit\u00e4t und diesen freien Geist erkl\u00e4rte mir Penck, dass man jedes beliebige Werkzeug nehmen kann, um die Platten zu schneiden \u2013 es muss nur zu deinem Ausdruck passen.<\/p>\n<p>F\u00fcr mich schlie\u00dft sich nun ein Kreis. Eine lange Beziehung mit A.R. Penck und eine Geschichte, die es zu erz\u00e4hlen gilt.<\/p>\n<p>*<\/p>\n<p><strong><u>About<\/u><\/strong><\/p>\n<p>REN\u00c9 SCHMITT, mit Sitz in Berlin und Westoverledingen, Deutschland, erstellt hervorragende zeitgen\u00f6ssische Editionen von Werken international anerkannter K\u00fcnstler wie Art &amp; Language, John Armleder, Luis Camnitzer, Michael M\u00fcller, Lorraine O&#8217;Grady, Tal R, Kay Rosen, Karin Sander, Peter Saul, Ulay und Rose Wylie.<\/p>\n<p>Der Ruf von REN\u00c9 SCHMITT beruht auf einer seltenen Kombination aus enger Zusammenarbeit mit K\u00fcnstlern und Pr\u00e4zision und Fachkenntnis im Druckhandwerk. Das Ergebnis sind einzigartige Portfolios, von denen jede Ausgabe zu einer eigenen Ausstellung wird.<\/p>\n<p>REN\u00c9 SCHMITT ist stolz darauf, Mitglied der IFPDA (International Fine Print Dealers Association) zu sein.<br \/>\n&nbsp;<\/p>\n<hr \/>\n<p>REN\u00c9 SCHMITT<br \/>\nLehrter Stra\u00dfe 57<br \/>\nHaus 6<br \/>\n10557 Berlin<br \/>\nDeutschland<\/p>\n<p>E-Mail: &#x69;n&#x66;&#111;&#64;&#x72;&#101;&#x6e;&#x65;-&#x73;&#99;h&#x6d;&#105;&#x74;&#116;&#46;&#x63;&#111;m<\/p>\n<hr \/>\n","protected":false},"excerpt":{"rendered":"<p>Art Basel, Halle 2.0, Stand C1 Dienstag, 11.06.2024, bis Sonntag, 16.06.2024 A.R. Penck \u2013 Einzelpr\u00e4sentation Ren\u00e9 Schmitt ist es eine gro\u00dfe Ehre, eine Einzelpr\u00e4sentation des international hoch angesehenen deutschen K\u00fcnstlers A.R. Penck zu pr\u00e4sentieren. &nbsp; A.R. Penck \u2013 Standart (1990), Siebdruck auf Hortus B\u00fcttenpapier, Edition: 50 + X &nbsp;<\/p>\n","protected":false},"author":2,"featured_media":0,"comment_status":"closed","ping_status":"closed","sticky":false,"template":"","format":"standard","meta":[],"categories":[95,89,87],"tags":[41,97],"_links":{"self":[{"href":"https:\/\/rene-schmitt.com\/de\/wp-json\/wp\/v2\/posts\/5232"}],"collection":[{"href":"https:\/\/rene-schmitt.com\/de\/wp-json\/wp\/v2\/posts"}],"about":[{"href":"https:\/\/rene-schmitt.com\/de\/wp-json\/wp\/v2\/types\/post"}],"author":[{"embeddable":true,"href":"https:\/\/rene-schmitt.com\/de\/wp-json\/wp\/v2\/users\/2"}],"replies":[{"embeddable":true,"href":"https:\/\/rene-schmitt.com\/de\/wp-json\/wp\/v2\/comments?post=5232"}],"version-history":[{"count":15,"href":"https:\/\/rene-schmitt.com\/de\/wp-json\/wp\/v2\/posts\/5232\/revisions"}],"predecessor-version":[{"id":5493,"href":"https:\/\/rene-schmitt.com\/de\/wp-json\/wp\/v2\/posts\/5232\/revisions\/5493"}],"wp:attachment":[{"href":"https:\/\/rene-schmitt.com\/de\/wp-json\/wp\/v2\/media?parent=5232"}],"wp:term":[{"taxonomy":"category","embeddable":true,"href":"https:\/\/rene-schmitt.com\/de\/wp-json\/wp\/v2\/categories?post=5232"},{"taxonomy":"post_tag","embeddable":true,"href":"https:\/\/rene-schmitt.com\/de\/wp-json\/wp\/v2\/tags?post=5232"}],"curies":[{"name":"wp","href":"https:\/\/api.w.org\/{rel}","templated":true}]}}